{"id":928,"date":"2016-11-17T12:37:11","date_gmt":"2016-11-17T12:37:11","guid":{"rendered":"http:\/\/www.isoc.si\/?p=928"},"modified":"2021-10-08T08:45:39","modified_gmt":"2021-10-08T08:45:39","slug":"ali-internet-lahko-sanja-film-in-debata-o-internetu-vceraj-in-jutri","status":"publish","type":"post","link":"https:\/\/www.isoc.si\/?p=928","title":{"rendered":"&#8220;Ali internet lahko sanja&#8221; film in debata o Internetu v\u010deraj in jutri"},"content":{"rendered":"<p>&#8220;<em>Ali lahko medmre\u017eje sanja samo sebe,<\/em>&#8221; je nemara najzagonetnej\u0161e vpra\u0161anje aktualnega dokumentarca Wernerja Herzoga, naslovljenega\u00a0<em>Glej in se \u010dudi: Sanjarjenje o povezanem svetu<\/em>, ki se, poenostavljeno povedano, posve\u010da razmerju med \u010dlovekom in medmre\u017ejem ter odnosu tako enega kot drugega do samega sebe.<\/p>\n<p>Ve\u010d na spodnji povezavi:<\/p>\n<p><a href=\"http:\/\/www.rtvslo.si\/kultura\/film\/mmc-premiera-medmrezje-na-koncu-je-se-vedno-cloveski-dejavnik-tisti-ki-je-odlocujoc\/407695\">http:\/\/www.rtvslo.si\/kultura\/film\/mmc-premiera-medmrezje-na-koncu-je-se-vedno-cloveski-dejavnik-tisti-ki-je-odlocujoc\/407695<\/a><\/p>\n<p><a href=\"http:\/\/www.isoc.si\/wp-content\/uploads\/2016\/11\/65359571_1.jpg\"><img loading=\"lazy\" decoding=\"async\" class=\"alignnone wp-image-930\" src=\"http:\/\/www.isoc.si\/wp-content\/uploads\/2016\/11\/65359571_1.jpg\" alt=\"65359571_1\" width=\"450\" height=\"300\" srcset=\"https:\/\/www.isoc.si\/wp-content\/uploads\/2016\/11\/65359571_1.jpg 800w, https:\/\/www.isoc.si\/wp-content\/uploads\/2016\/11\/65359571_1-300x200.jpg 300w, https:\/\/www.isoc.si\/wp-content\/uploads\/2016\/11\/65359571_1-768x513.jpg 768w\" sizes=\"(max-width: 450px) 100vw, 450px\" \/><\/a><\/p>\n<p><a href=\"http:\/\/www.isoc.si\/wp-content\/uploads\/2016\/11\/65359574_dsc_1564.jpg\"><img loading=\"lazy\" decoding=\"async\" class=\"alignnone wp-image-931\" src=\"http:\/\/www.isoc.si\/wp-content\/uploads\/2016\/11\/65359574_dsc_1564.jpg\" alt=\"65359574_dsc_1564\" width=\"450\" height=\"301\" srcset=\"https:\/\/www.isoc.si\/wp-content\/uploads\/2016\/11\/65359574_dsc_1564.jpg 1024w, https:\/\/www.isoc.si\/wp-content\/uploads\/2016\/11\/65359574_dsc_1564-300x200.jpg 300w, https:\/\/www.isoc.si\/wp-content\/uploads\/2016\/11\/65359574_dsc_1564-768x513.jpg 768w\" sizes=\"(max-width: 450px) 100vw, 450px\" \/><\/a><\/p>\n","protected":false},"excerpt":{"rendered":"<p>&#8220;Ali lahko medmre\u017eje sanja samo sebe,&#8221; je nemara najzagonetnej\u0161e vpra\u0161anje aktualnega dokumentarca Wernerja Herzoga, naslovljenega\u00a0Glej in se \u010dudi: Sanjarjenje o povezanem svetu, ki se, poenostavljeno povedano, posve\u010da razmerju med \u010dlovekom in medmre\u017ejem ter odnosu tako enega kot drugega do samega sebe. Ve\u010d na spodnji povezavi: http:\/\/www.rtvslo.si\/kultura\/film\/mmc-premiera-medmrezje-na-koncu-je-se-vedno-cloveski-dejavnik-tisti-ki-je-odlocujoc\/407695<\/p>\n","protected":false},"author":101010,"featured_media":0,"comment_status":"closed","ping_status":"closed","sticky":false,"template":"","format":"standard","meta":{"footnotes":""},"categories":[1,5],"tags":[],"_links":{"self":[{"href":"https:\/\/www.isoc.si\/index.php?rest_route=\/wp\/v2\/posts\/928"}],"collection":[{"href":"https:\/\/www.isoc.si\/index.php?rest_route=\/wp\/v2\/posts"}],"about":[{"href":"https:\/\/www.isoc.si\/index.php?rest_route=\/wp\/v2\/types\/post"}],"author":[{"embeddable":true,"href":"https:\/\/www.isoc.si\/index.php?rest_route=\/wp\/v2\/users\/101010"}],"replies":[{"embeddable":true,"href":"https:\/\/www.isoc.si\/index.php?rest_route=%2Fwp%2Fv2%2Fcomments&post=928"}],"version-history":[{"count":3,"href":"https:\/\/www.isoc.si\/index.php?rest_route=\/wp\/v2\/posts\/928\/revisions"}],"predecessor-version":[{"id":933,"href":"https:\/\/www.isoc.si\/index.php?rest_route=\/wp\/v2\/posts\/928\/revisions\/933"}],"wp:attachment":[{"href":"https:\/\/www.isoc.si\/index.php?rest_route=%2Fwp%2Fv2%2Fmedia&parent=928"}],"wp:term":[{"taxonomy":"category","embeddable":true,"href":"https:\/\/www.isoc.si\/index.php?rest_route=%2Fwp%2Fv2%2Fcategories&post=928"},{"taxonomy":"post_tag","embeddable":true,"href":"https:\/\/www.isoc.si\/index.php?rest_route=%2Fwp%2Fv2%2Ftags&post=928"}],"curies":[{"name":"wp","href":"https:\/\/api.w.org\/{rel}","templated":true}]}}